{"id":783,"date":"2019-12-31T12:58:33","date_gmt":"2019-12-31T15:58:33","guid":{"rendered":"http:\/\/www.temposdeproducao.univasf.edu.br\/?p=783"},"modified":"2019-12-31T12:58:37","modified_gmt":"2019-12-31T15:58:37","slug":"bim-o-futuro-chegou-17-de-dezembro-2019","status":"publish","type":"post","link":"https:\/\/temposdeproducao.univasf.edu.br\/?p=783","title":{"rendered":"&#8220;BIM: O FUTURO CHEGOU&#8221; [17 de Dezembro &#8211; 2019]"},"content":{"rendered":"<div style=\"text-align: justify;\">\n<div><strong>Palestrante:<\/strong> Eng. Sud\u00e1rio Batista <\/div>\n<div>\n<p><strong>Data:<\/strong> 17 de dezembro de 2019 \u2013 18:30h<\/p>\n<p><strong>Local:<\/strong> Sala NT 28 &#8211; Campus Juazeiro\/BA da UNIVASF<\/p>\n<p><!--more--><\/p>\n<p>Na edi\u00e7\u00e3o do dia 17 de dezembro, tivemos como convidado, o engenheiro civil Sud\u00e1rio Batista, formado na Universidade Federal do Vale do S\u00e3o Francisco. <\/p>\n<p>Em rela\u00e7\u00e3o a palestra do Engenheiro Sud\u00e1rio, ele abordou diversos t\u00f3picos sobre atualidades que envolvem a constru\u00e7\u00e3o civil, em rela\u00e7\u00e3o a utiliza\u00e7\u00e3o do BIM. Os participantes do evento puderam desfrutar de um conhecimento bastante importante para o presente e o futuro da engenharia civil, atrav\u00e9s do aux\u00edlio da tecnologia, que auxilia em v\u00e1rias \u00e1reas da sociedade, entre elas, a constru\u00e7\u00e3o civil, que necessita dessa important\u00edssima evolu\u00e7\u00e3o, ocorrendo uma grande agrega\u00e7\u00e3o de valor.<\/p>\n<p><img decoding=\"async\" loading=\"lazy\" src=\"http:\/\/www.temposdeproducao.univasf.edu.br\/wp-content\/uploads\/2019\/12\/Fotos-combinadas.png\" alt=\"\" width=\"742\" height=\"1248\" class=\"alignnone size-full wp-image-786\" \/>\n<\/div>\n","protected":false},"excerpt":{"rendered":"<p>Palestrante: Eng. Sud\u00e1rio Batista Data: 17 de dezembro de 2019 \u2013 18:30h Local: Sala NT 28 &#8211; Campus Juazeiro\/BA da UNIVASF<\/p>\n","protected":false},"author":3,"featured_media":0,"comment_status":"closed","ping_status":"closed","sticky":false,"template":"","format":"standard","meta":{"footnotes":""},"categories":[28,1],"tags":[],"_links":{"self":[{"href":"https:\/\/temposdeproducao.univasf.edu.br\/index.php?rest_route=\/wp\/v2\/posts\/783"}],"collection":[{"href":"https:\/\/temposdeproducao.univasf.edu.br\/index.php?rest_route=\/wp\/v2\/posts"}],"about":[{"href":"https:\/\/temposdeproducao.univasf.edu.br\/index.php?rest_route=\/wp\/v2\/types\/post"}],"author":[{"embeddable":true,"href":"https:\/\/temposdeproducao.univasf.edu.br\/index.php?rest_route=\/wp\/v2\/users\/3"}],"replies":[{"embeddable":true,"href":"https:\/\/temposdeproducao.univasf.edu.br\/index.php?rest_route=%2Fwp%2Fv2%2Fcomments&post=783"}],"version-history":[{"count":3,"href":"https:\/\/temposdeproducao.univasf.edu.br\/index.php?rest_route=\/wp\/v2\/posts\/783\/revisions"}],"predecessor-version":[{"id":787,"href":"https:\/\/temposdeproducao.univasf.edu.br\/index.php?rest_route=\/wp\/v2\/posts\/783\/revisions\/787"}],"wp:attachment":[{"href":"https:\/\/temposdeproducao.univasf.edu.br\/index.php?rest_route=%2Fwp%2Fv2%2Fmedia&parent=783"}],"wp:term":[{"taxonomy":"category","embeddable":true,"href":"https:\/\/temposdeproducao.univasf.edu.br\/index.php?rest_route=%2Fwp%2Fv2%2Fcategories&post=783"},{"taxonomy":"post_tag","embeddable":true,"href":"https:\/\/temposdeproducao.univasf.edu.br\/index.php?rest_route=%2Fwp%2Fv2%2Ftags&post=783"}],"curies":[{"name":"wp","href":"https:\/\/api.w.org\/{rel}","templated":true}]}}