{"id":706,"date":"2019-08-02T17:00:38","date_gmt":"2019-08-02T20:00:38","guid":{"rendered":"http:\/\/www.temposdeproducao.univasf.edu.br\/?p=706"},"modified":"2019-08-02T17:01:11","modified_gmt":"2019-08-02T20:01:11","slug":"questoes-de-planejamento-e-controle-da-producao-e-logistica-a-partir-de-uma-situacao-real-de-trabalho-de-egressos-da-engenharia-de-producao-da-univasf-26-de-julho-2019","status":"publish","type":"post","link":"https:\/\/temposdeproducao.univasf.edu.br\/?p=706","title":{"rendered":"&#8220;Quest\u00f5es de planejamento e controle da produ\u00e7\u00e3o e log\u00edstica a partir de uma situa\u00e7\u00e3o real de trabalho de egressos da Engenharia de Produ\u00e7\u00e3o da Univasf&#8221; [26 de Julho &#8211; 2019]"},"content":{"rendered":"<div style=\"text-align: justify;\">\n<div><strong>Palestrantes:<\/strong> Jos\u00e9 Ellys Andrade (Analista de Programa\u00e7\u00e3o e Controle da Produ\u00e7\u00e3o na Curtume Moderno) e V\u00edtor Silva Miranda (Coordenador de Opera\u00e7\u00f5es e Distribui\u00e7\u00e3o na Beira Rio \u2013 Revenda Ambev) <\/div>\n<div>\n<p><strong>Data:<\/strong> 26 de julho de 2019 \u2013 08h<\/p>\n<p><strong>Local:<\/strong> Miniaudit\u00f3rio 7 do Complexo Multieventos &#8211; Campus Juazeiro\/BA da UNIVASF<\/p>\n<p><!--more--><\/p>\n<p>Na edi\u00e7\u00e3o do dia 26 de julho, tivemos uma edi\u00e7\u00e3o mais que especial, pois ocorreu dentro da programa\u00e7\u00e3o do IX Simp\u00f3sio de Engenharia de Produ\u00e7\u00e3o do Vale do S\u00e3o Francisco (IX Sepvasf). Essa edi\u00e7\u00e3o do projeto, abordou quest\u00f5es de PCP e log\u00edstica a partir de uma situa\u00e7\u00e3o real de trabalho vivenciada pelos egressos de Engenharia de Produ\u00e7\u00e3o da Univasf. A atividade ocorreu de uma forma bem din\u00e2mica, atrav\u00e9s da utiliza\u00e7\u00e3o de um software que tinha o intuito de armazenar as perguntas e alternativas, al\u00e9m de mostrar o percentual de escolha pelo p\u00fablico sobre cada alternativa.<\/p>\n<p>A atividade aconteceu da seguinte forma, os engenheiros deram uma introdu\u00e7\u00e3o na situa\u00e7\u00e3o que eles vivenciaram sobre o PCP e a Log\u00edstica em suas respectivas empresas, mostrando as dificuldades que foram encontradas. Posteriormente, eles colocaram algumas perguntas que possu\u00edam alternativas, sendo elas, direcionadas ao p\u00fablico; com isso, as pessoas utilizavam seus smartphones atrav\u00e9s do leitor de QR Code, com o intuito de serem direcionados ao link do software onde as perguntas e alternativas estavam alocadas; ap\u00f3s todos entrarem nessa p\u00e1gina, cada um respondia a pergunta. Por fim, os engenheiros participantes computavam as respostas pelo software e observavam a alternativa mais escolhida pelo p\u00fablico, comentando sobre essa alternativa e sobre a que eles escolheram.<\/p>\n<p>Essa edi\u00e7\u00e3o foi bastante interessante, pois instigou os participantes a vivenciarem os problemas que o mercado de trabalho exige, fazendo com que eles, pensassem como engenheiros, com o intuito de tomar decis\u00f5es estrat\u00e9gicas e eficientes.<\/p>\n<p>Contamos com a presen\u00e7a de diversos professores e alunos, al\u00e9m de outras pessoas que estavam inscritas no Sepvasf, tanto da pr\u00f3pria regi\u00e3o do Vale do S\u00e3o Francisco, quanto de outras localidades do Brasil.<\/p>\n<\/div>\n<p><img decoding=\"async\" loading=\"lazy\" src=\"http:\/\/www.temposdeproducao.univasf.edu.br\/wp-content\/uploads\/2019\/08\/Fotos-para-o-site.png\" alt=\"\" width=\"455\" height=\"1309\" class=\"alignnone size-full wp-image-709\" \/><\/p>\n","protected":false},"excerpt":{"rendered":"<p>Palestrantes: Jos\u00e9 Ellys Andrade (Analista de Programa\u00e7\u00e3o e Controle da Produ\u00e7\u00e3o na Curtume Moderno) e V\u00edtor Silva Miranda (Coordenador de Opera\u00e7\u00f5es e Distribui\u00e7\u00e3o na Beira Rio \u2013 Revenda Ambev) Data: 26 de julho de 2019 \u2013 08h Local: Miniaudit\u00f3rio 7 do Complexo Multieventos &#8211; Campus Juazeiro\/BA da UNIVASF<\/p>\n","protected":false},"author":3,"featured_media":0,"comment_status":"closed","ping_status":"closed","sticky":false,"template":"","format":"standard","meta":{"footnotes":""},"categories":[28,1],"tags":[],"_links":{"self":[{"href":"https:\/\/temposdeproducao.univasf.edu.br\/index.php?rest_route=\/wp\/v2\/posts\/706"}],"collection":[{"href":"https:\/\/temposdeproducao.univasf.edu.br\/index.php?rest_route=\/wp\/v2\/posts"}],"about":[{"href":"https:\/\/temposdeproducao.univasf.edu.br\/index.php?rest_route=\/wp\/v2\/types\/post"}],"author":[{"embeddable":true,"href":"https:\/\/temposdeproducao.univasf.edu.br\/index.php?rest_route=\/wp\/v2\/users\/3"}],"replies":[{"embeddable":true,"href":"https:\/\/temposdeproducao.univasf.edu.br\/index.php?rest_route=%2Fwp%2Fv2%2Fcomments&post=706"}],"version-history":[{"count":4,"href":"https:\/\/temposdeproducao.univasf.edu.br\/index.php?rest_route=\/wp\/v2\/posts\/706\/revisions"}],"predecessor-version":[{"id":711,"href":"https:\/\/temposdeproducao.univasf.edu.br\/index.php?rest_route=\/wp\/v2\/posts\/706\/revisions\/711"}],"wp:attachment":[{"href":"https:\/\/temposdeproducao.univasf.edu.br\/index.php?rest_route=%2Fwp%2Fv2%2Fmedia&parent=706"}],"wp:term":[{"taxonomy":"category","embeddable":true,"href":"https:\/\/temposdeproducao.univasf.edu.br\/index.php?rest_route=%2Fwp%2Fv2%2Fcategories&post=706"},{"taxonomy":"post_tag","embeddable":true,"href":"https:\/\/temposdeproducao.univasf.edu.br\/index.php?rest_route=%2Fwp%2Fv2%2Ftags&post=706"}],"curies":[{"name":"wp","href":"https:\/\/api.w.org\/{rel}","templated":true}]}}