{"id":662,"date":"2019-05-11T18:25:15","date_gmt":"2019-05-11T21:25:15","guid":{"rendered":"http:\/\/www.temposdeproducao.univasf.edu.br\/?p=662"},"modified":"2019-05-11T22:59:35","modified_gmt":"2019-05-12T01:59:35","slug":"a-engenharia-de-producao-da-univasf-um-debate-com-egressos-maio-2019","status":"publish","type":"post","link":"https:\/\/temposdeproducao.univasf.edu.br\/?p=662","title":{"rendered":"&#8220;A Engenharia de Produ\u00e7\u00e3o da UNIVASF: Um debate com egressos\u201d [MAIO \u2013 2019]"},"content":{"rendered":"<p><strong>Mediador<\/strong>: Prof. Dr. Paulo Jos\u00e9 Pereira<\/p>\n<div style=\"text-align: justify;\"><strong>Convidados<\/strong>: Ailton Abel Rodrigues Santos (Analista de Mercado S\u00eanior &#8211; Agrivale); J\u00falia G\u00f3es Matos (Coordenadora de Planejamento e Controle da Produ\u00e7\u00e3o &#8211; Santa Felicidade Agropecu\u00e1ria); V\u00edtor Silva Miranda (Coordenador de Log\u00edstica &#8211; Revalle Pernambuco)<\/div>\n<p><strong>Data<\/strong>: 07 de maio de 2019 &#8211; 8h30<\/p>\n<p><strong>Local<\/strong>: Sala N\u00facleo Tem\u00e1tico 32 (NT-32) do Campus de Juazeiro\/BA da UNIVASF.<br \/>\n<!--more--><\/p>\n<div style=\"text-align: justify;\">\n<p>Na \u00faltima ter\u00e7a-feira (07), o Tempos de Produ\u00e7\u00e3o trouxe mais uma vez o debate com egressos como tema do m\u00eas de maio, sendo palco tamb\u00e9m para a recep\u00e7\u00e3o de calouros 2019.1. Foi abordado no debate inicialmente, conduzido pelo prof. Dr. Paulo Jos\u00e9, uma retrospectiva que os Engenheiros descreveram sobre suas vidas, come\u00e7ando pela acad\u00eamica at\u00e9 chegar ao mercado de trabalho. Contando assim, a experi\u00eancia de mercado dos profissionais e como suas escolhas acad\u00eamicas refletem no seu sucesso, respondendo tamb\u00e9m a eventuais d\u00favidas dos participantes.<\/p>\n<p>Posteriormente o Coordenador do Colegiado de Engenharia de Produ\u00e7\u00e3o, prof. Dr. Jos\u00e9 Luiz, deu as boas vindas aos novos universit\u00e1rios, e abordou alguns pontos importantes aos alunos rec\u00e9m-chegados. Ademais, houve apresenta\u00e7\u00f5es de projetos da universidade, os quais os alunos podem integrar, como a Solucione &#8211; Consultoria e Projetos em Engenharia (com F\u00e1bio Talles), Baajatinga (com Manuella Lima), AIESEC (com Jackson Gon\u00e7alves), F-Carranca Aero Design (com Brendo Santos e P\u00e2mela Caf\u00e9) e FSAE Carcar\u00e1 (com Anna Vict\u00f3ria, Gabriel Tavares e Vin\u00edcius Gomes).<\/p>\n<p>O evento foi de bastante relev\u00e2ncia para os ingressantes, por sanar questionamentos sobre a atua\u00e7\u00e3o do engenheiro de produ\u00e7\u00e3o, como tamb\u00e9m sobre o curso. Fazendo com que eles conhe\u00e7am melhor sobre poss\u00edveis desafios a serem enfrentados, como tamb\u00e9m, os objetivos a serem trilhados e conquistados.<\/p>\n<p><iframe loading=\"lazy\" width=\"560\" height=\"315\" src=\"https:\/\/www.youtube.com\/embed\/s5nmzz-GODU\" frameborder=\"0\" allow=\"accelerometer; autoplay; encrypted-media; gyroscope; picture-in-picture\" allowfullscreen><\/iframe><\/p>\n<p><img decoding=\"async\" loading=\"lazy\" src=\"http:\/\/www.temposdeproducao.univasf.edu.br\/wp-content\/uploads\/2019\/05\/Tempos-de-produ\u00e7\u00e3o-maio-2019.jpg\" alt=\"\" width=\"867\" height=\"1619\" class=\"alignnone size-full wp-image-663\" \/><\/p>\n","protected":false},"excerpt":{"rendered":"<p>Mediador: Prof. Dr. Paulo Jos\u00e9 Pereira Convidados: Ailton Abel Rodrigues Santos (Analista de Mercado S\u00eanior &#8211; Agrivale); J\u00falia G\u00f3es Matos (Coordenadora de Planejamento e Controle da Produ\u00e7\u00e3o &#8211; Santa Felicidade Agropecu\u00e1ria); V\u00edtor Silva Miranda (Coordenador de Log\u00edstica &#8211; Revalle Pernambuco) Data: 07 de maio de 2019 &#8211; 8h30 Local: Sala N\u00facleo Tem\u00e1tico 32 (NT-32) do Campus de Juazeiro\/BA da UNIVASF.<\/p>\n","protected":false},"author":3,"featured_media":0,"comment_status":"closed","ping_status":"closed","sticky":false,"template":"","format":"standard","meta":{"footnotes":""},"categories":[28,1],"tags":[],"_links":{"self":[{"href":"https:\/\/temposdeproducao.univasf.edu.br\/index.php?rest_route=\/wp\/v2\/posts\/662"}],"collection":[{"href":"https:\/\/temposdeproducao.univasf.edu.br\/index.php?rest_route=\/wp\/v2\/posts"}],"about":[{"href":"https:\/\/temposdeproducao.univasf.edu.br\/index.php?rest_route=\/wp\/v2\/types\/post"}],"author":[{"embeddable":true,"href":"https:\/\/temposdeproducao.univasf.edu.br\/index.php?rest_route=\/wp\/v2\/users\/3"}],"replies":[{"embeddable":true,"href":"https:\/\/temposdeproducao.univasf.edu.br\/index.php?rest_route=%2Fwp%2Fv2%2Fcomments&post=662"}],"version-history":[{"count":8,"href":"https:\/\/temposdeproducao.univasf.edu.br\/index.php?rest_route=\/wp\/v2\/posts\/662\/revisions"}],"predecessor-version":[{"id":672,"href":"https:\/\/temposdeproducao.univasf.edu.br\/index.php?rest_route=\/wp\/v2\/posts\/662\/revisions\/672"}],"wp:attachment":[{"href":"https:\/\/temposdeproducao.univasf.edu.br\/index.php?rest_route=%2Fwp%2Fv2%2Fmedia&parent=662"}],"wp:term":[{"taxonomy":"category","embeddable":true,"href":"https:\/\/temposdeproducao.univasf.edu.br\/index.php?rest_route=%2Fwp%2Fv2%2Fcategories&post=662"},{"taxonomy":"post_tag","embeddable":true,"href":"https:\/\/temposdeproducao.univasf.edu.br\/index.php?rest_route=%2Fwp%2Fv2%2Ftags&post=662"}],"curies":[{"name":"wp","href":"https:\/\/api.w.org\/{rel}","templated":true}]}}