{"id":635,"date":"2019-04-25T23:58:03","date_gmt":"2019-04-26T02:58:03","guid":{"rendered":"http:\/\/www.temposdeproducao.univasf.edu.br\/?p=635"},"modified":"2019-04-26T00:06:03","modified_gmt":"2019-04-26T03:06:03","slug":"a-formacao-em-engenharia-no-brasil-abril-2019","status":"publish","type":"post","link":"https:\/\/temposdeproducao.univasf.edu.br\/?p=635","title":{"rendered":"&#8220;A Forma\u00e7\u00e3o em Engenharia no Brasil&#8221; [ABRIL &#8211; 2019]"},"content":{"rendered":"<div style=\"text-align: justify;\">\n<div><strong>Palestrante:<\/strong> Prof. Titular Vanderli Fava de Oliveira (UFJF) (Aposentado\/Convidado)<\/div>\n<div>\n<p><strong>Data:<\/strong> 23 de abril de 2019 \u2013 16:30h<\/p>\n<p><strong>Local:<\/strong> Sala NT 32 &#8211; Campus Juazeiro\/BA da UNIVASF<\/p>\n<p><!--more--><\/p>\n<p>Na edi\u00e7\u00e3o de abril, tivemos como convidado o presidente da Associa\u00e7\u00e3o Brasileira de Educa\u00e7\u00e3o em Engenharia &#8211; ABENGE, o Prof. Titular Vanderli Fava de Oliveira, da Universidade Federal de Juiz de Fora &#8211; UFJF. Falando agora, um pouco sobre a forma\u00e7\u00e3o acad\u00eamica do palestrante, ele possui Gradua\u00e7\u00e3o em Engenharia Civil na UFJF; posteriormente, fez seu Mestrado e Doutorado em Engenharia de Produ\u00e7\u00e3o pela Coordena\u00e7\u00e3o dos Programas de P\u00f3s-Gradua\u00e7\u00e3o em Engenharia da Universidade Federal do Rio de Janeiro &#8211; COPPE\/UFRJ; al\u00e9m de ter P\u00f3s-Doutorado em Educa\u00e7\u00e3o em Engenharia pela Universidade Estadual de Campinas &#8211; UNICAMP.<\/p>\n<p>A sua palestra foi dividida em seis t\u00f3picos: ABENGE e suas atividades; Origens e Evolu\u00e7\u00e3o da Engenharia; Dados sobre Engenharia; A Engenharia: perfil do Engenheiro; Contexto Atual e Mercado de Trabalho; e algumas Quest\u00f5es Finais. De uma forma geral, a palestra foi bastante proveitosa, tanto para estudantes quanto para professores, por conta que abordou diversos assuntos relacionados \u00e0 engenharia, desde conte\u00fados sobre o trabalho desenvolvido pela ABENGE, como tamb\u00e9m, alguns dados sobre a engenharia, no que diz respeito a gr\u00e1ficos e n\u00fameros, entre outros assuntos.<\/p>\n<p>Contamos com a presen\u00e7a de diversos professores, dentre esses, tem-se tamb\u00e9m do colegiado de Engenharia de produ\u00e7\u00e3o; al\u00e9m de alunos de outras engenharias; e da pr\u00f3-reitora de ensino da Univasf, professora Monica Aparecida Tom\u00e9 Pereira.<\/p>\n<blockquote><p><em>Material para Download:<\/em><\/p>\n<div>\n<a href=\"https:\/\/drive.google.com\/file\/d\/1Q-M1YN0sZ6inbrTOHnUXUb-RBupSDPYk\/view\" target=\"_blank\" rel=\"noopener\">A Forma\u00e7\u00e3o em Engenharia no Brasil &#8211; Vanderli Fava de Oliveira<\/a><\/p>\n<\/div>\n<\/div>\n<p><img decoding=\"async\" loading=\"lazy\" src=\"http:\/\/www.temposdeproducao.univasf.edu.br\/wp-content\/uploads\/2019\/04\/TPAbril19.jpg\" alt=\"\" width=\"778\" height=\"1470\" class=\"alignnone size-full wp-image-644\" \/><\/p>\n","protected":false},"excerpt":{"rendered":"<p>Palestrante: Prof. Titular Vanderli Fava de Oliveira (UFJF) (Aposentado\/Convidado) Data: 23 de abril de 2019 \u2013 16:30h Local: Sala NT 32 &#8211; Campus Juazeiro\/BA da UNIVASF<\/p>\n","protected":false},"author":3,"featured_media":0,"comment_status":"closed","ping_status":"closed","sticky":false,"template":"","format":"standard","meta":{"footnotes":""},"categories":[28,1],"tags":[],"_links":{"self":[{"href":"https:\/\/temposdeproducao.univasf.edu.br\/index.php?rest_route=\/wp\/v2\/posts\/635"}],"collection":[{"href":"https:\/\/temposdeproducao.univasf.edu.br\/index.php?rest_route=\/wp\/v2\/posts"}],"about":[{"href":"https:\/\/temposdeproducao.univasf.edu.br\/index.php?rest_route=\/wp\/v2\/types\/post"}],"author":[{"embeddable":true,"href":"https:\/\/temposdeproducao.univasf.edu.br\/index.php?rest_route=\/wp\/v2\/users\/3"}],"replies":[{"embeddable":true,"href":"https:\/\/temposdeproducao.univasf.edu.br\/index.php?rest_route=%2Fwp%2Fv2%2Fcomments&post=635"}],"version-history":[{"count":13,"href":"https:\/\/temposdeproducao.univasf.edu.br\/index.php?rest_route=\/wp\/v2\/posts\/635\/revisions"}],"predecessor-version":[{"id":650,"href":"https:\/\/temposdeproducao.univasf.edu.br\/index.php?rest_route=\/wp\/v2\/posts\/635\/revisions\/650"}],"wp:attachment":[{"href":"https:\/\/temposdeproducao.univasf.edu.br\/index.php?rest_route=%2Fwp%2Fv2%2Fmedia&parent=635"}],"wp:term":[{"taxonomy":"category","embeddable":true,"href":"https:\/\/temposdeproducao.univasf.edu.br\/index.php?rest_route=%2Fwp%2Fv2%2Fcategories&post=635"},{"taxonomy":"post_tag","embeddable":true,"href":"https:\/\/temposdeproducao.univasf.edu.br\/index.php?rest_route=%2Fwp%2Fv2%2Ftags&post=635"}],"curies":[{"name":"wp","href":"https:\/\/api.w.org\/{rel}","templated":true}]}}