{"id":603,"date":"2019-03-13T23:09:21","date_gmt":"2019-03-14T02:09:21","guid":{"rendered":"http:\/\/www.temposdeproducao.univasf.edu.br\/?p=603"},"modified":"2019-03-13T23:10:13","modified_gmt":"2019-03-14T02:10:13","slug":"estrategias-para-melhoria-de-processos-o-desafio-de-um-recem-formado-em-empresas-locais-marco-2019","status":"publish","type":"post","link":"https:\/\/temposdeproducao.univasf.edu.br\/?p=603","title":{"rendered":"\u201cEstrat\u00e9gias para Melhoria de Processos: O Desafio de um rec\u00e9m-formado em Empresas Locais\u201d [MAR\u00c7O \u2013 2019]"},"content":{"rendered":"<div style=\"text-align: justify;\">\n<p><strong>Palestrante:<\/strong> Eng. Jos\u00e9 Ellys Evangelista Silva Andrade (Analista de Planejamento e Controle da Produ\u00e7\u00e3o\/Coordenador de Gest\u00e3o Industrial \u2013 Curtume Moderno S. A.)<\/p>\n<p><strong>Data:<\/strong> 13 de mar\u00e7o de 2019 \u2013 08h30<\/p>\n<p><strong>Local:<\/strong> Sala NT 32 &#8211; Campus Juazeiro\/BA da UNIVASF<\/p>\n<\/div>\n<p><!--more--><\/p>\n","protected":false},"excerpt":{"rendered":"<p>Palestrante: Eng. Jos\u00e9 Ellys Evangelista Silva Andrade (Analista de Planejamento e Controle da Produ\u00e7\u00e3o\/Coordenador de Gest\u00e3o Industrial \u2013 Curtume Moderno S. A.) Data: 13 de mar\u00e7o de 2019 \u2013 08h30 Local: Sala NT 32 &#8211; Campus Juazeiro\/BA da UNIVASF<\/p>\n","protected":false},"author":2,"featured_media":0,"comment_status":"closed","ping_status":"closed","sticky":false,"template":"","format":"standard","meta":{"footnotes":""},"categories":[28,1],"tags":[],"_links":{"self":[{"href":"https:\/\/temposdeproducao.univasf.edu.br\/index.php?rest_route=\/wp\/v2\/posts\/603"}],"collection":[{"href":"https:\/\/temposdeproducao.univasf.edu.br\/index.php?rest_route=\/wp\/v2\/posts"}],"about":[{"href":"https:\/\/temposdeproducao.univasf.edu.br\/index.php?rest_route=\/wp\/v2\/types\/post"}],"author":[{"embeddable":true,"href":"https:\/\/temposdeproducao.univasf.edu.br\/index.php?rest_route=\/wp\/v2\/users\/2"}],"replies":[{"embeddable":true,"href":"https:\/\/temposdeproducao.univasf.edu.br\/index.php?rest_route=%2Fwp%2Fv2%2Fcomments&post=603"}],"version-history":[{"count":2,"href":"https:\/\/temposdeproducao.univasf.edu.br\/index.php?rest_route=\/wp\/v2\/posts\/603\/revisions"}],"predecessor-version":[{"id":605,"href":"https:\/\/temposdeproducao.univasf.edu.br\/index.php?rest_route=\/wp\/v2\/posts\/603\/revisions\/605"}],"wp:attachment":[{"href":"https:\/\/temposdeproducao.univasf.edu.br\/index.php?rest_route=%2Fwp%2Fv2%2Fmedia&parent=603"}],"wp:term":[{"taxonomy":"category","embeddable":true,"href":"https:\/\/temposdeproducao.univasf.edu.br\/index.php?rest_route=%2Fwp%2Fv2%2Fcategories&post=603"},{"taxonomy":"post_tag","embeddable":true,"href":"https:\/\/temposdeproducao.univasf.edu.br\/index.php?rest_route=%2Fwp%2Fv2%2Ftags&post=603"}],"curies":[{"name":"wp","href":"https:\/\/api.w.org\/{rel}","templated":true}]}}