{"id":593,"date":"2019-03-13T22:32:37","date_gmt":"2019-03-14T01:32:37","guid":{"rendered":"http:\/\/www.temposdeproducao.univasf.edu.br\/?p=593"},"modified":"2019-03-13T22:58:06","modified_gmt":"2019-03-14T01:58:06","slug":"derivativos-do-clima-para-os-produtos-agricolas-brasileiros-uma-proposta-para-o-modelo-de-precificacao-e-mensuracao-da-efetividade-de-hedging-fevereiro-2019","status":"publish","type":"post","link":"https:\/\/temposdeproducao.univasf.edu.br\/?p=593","title":{"rendered":"&#8220;Derivativos do clima para os produtos agr\u00edcolas brasileiros: Uma proposta para o modelo de precifica\u00e7\u00e3o e mensura\u00e7\u00e3o da efetividade de Hedging&#8221; [FEVEREIRO &#8211; 2019]"},"content":{"rendered":"<div style=\"text-align: justify;\">\n<div><strong>Palestrante:<\/strong> Prof. Dr. Abdinardo Moreira Barreto de Oliveira (UTFPR)<\/div>\n<div>\n<p><strong>Data:<\/strong> 22 de fevereiro de 2019 \u2013 10h<\/p>\n<p><strong>Local:<\/strong> Sala NT 29 &#8211; Campus Juazeiro\/BA da UNIVASF<\/p>\n<p><!--more--><\/p>\n<p>Na edi\u00e7\u00e3o de fevereiro tivemos como convidado um ex-professor do Colegiado de Engenharia de Produ\u00e7\u00e3o, o Dr. Abdinardo Moreira, agora discente da Universidade Tecnol\u00f3gica Federal do Paran\u00e1. A palestra iniciou-se com a apresenta\u00e7\u00e3o do tema, discutindo acerca do seu significado e o quais os benef\u00edcios, j\u00e1 que \u00e9 uma pr\u00e1tica ainda subutilizada no Brasil.<\/p>\n<p>Moreira abordou a elabora\u00e7\u00e3o de um trabalho multidisciplinar, o qual desenvolveu um modelo utilizando diversos ramos de estudo, entre eles, Pesquisa Operacional, Meteorologia, Finan\u00e7as, Programa\u00e7\u00e3o e Estat\u00edstica. O resultado se deu num modelo de previs\u00e3o, onde apontaria a efetividade na contrata\u00e7\u00e3o de derivativos de clima para uma determinada regi\u00e3o. Para isso, empregou dados agr\u00edcolas e \u00edndices pluviom\u00e9tricos como fatores cr\u00edticos de sucesso em sua constru\u00e7\u00e3o.<\/p>\n<p>Contamos com a presen\u00e7a de diversos professores tamb\u00e9m do CPROD e alunos de outras engenharias. O palestrante ainda destacou a necessidade de produ\u00e7\u00e3o cient\u00edfica por parte dos docentes, mostrando possibilidades de p\u00f3s-gradua\u00e7\u00e3o no exterior. O evento foi de grande relev\u00e2ncia, pois mostrou o valor da multidisciplinaridade e a aplicabilidade de estudos acad\u00eamicos no meio socioecon\u00f4mico.<\/p>\n<\/div>\n<\/div>\n<p><img decoding=\"async\" src=\"http:\/\/www.temposdeproducao.univasf.edu.br\/wp-content\/uploads\/2019\/03\/TPFevereiro19-min.png\" alt=\"TPFevereiro19\" \/><\/p>\n","protected":false},"excerpt":{"rendered":"<p>Palestrante: Prof. Dr. Abdinardo Moreira Barreto de Oliveira (UTFPR) Data: 22 de fevereiro de 2019 \u2013 10h Local: Sala NT 29 &#8211; Campus Juazeiro\/BA da UNIVASF<\/p>\n","protected":false},"author":2,"featured_media":0,"comment_status":"closed","ping_status":"closed","sticky":false,"template":"","format":"standard","meta":{"footnotes":""},"categories":[28,1],"tags":[],"_links":{"self":[{"href":"https:\/\/temposdeproducao.univasf.edu.br\/index.php?rest_route=\/wp\/v2\/posts\/593"}],"collection":[{"href":"https:\/\/temposdeproducao.univasf.edu.br\/index.php?rest_route=\/wp\/v2\/posts"}],"about":[{"href":"https:\/\/temposdeproducao.univasf.edu.br\/index.php?rest_route=\/wp\/v2\/types\/post"}],"author":[{"embeddable":true,"href":"https:\/\/temposdeproducao.univasf.edu.br\/index.php?rest_route=\/wp\/v2\/users\/2"}],"replies":[{"embeddable":true,"href":"https:\/\/temposdeproducao.univasf.edu.br\/index.php?rest_route=%2Fwp%2Fv2%2Fcomments&post=593"}],"version-history":[{"count":5,"href":"https:\/\/temposdeproducao.univasf.edu.br\/index.php?rest_route=\/wp\/v2\/posts\/593\/revisions"}],"predecessor-version":[{"id":627,"href":"https:\/\/temposdeproducao.univasf.edu.br\/index.php?rest_route=\/wp\/v2\/posts\/593\/revisions\/627"}],"wp:attachment":[{"href":"https:\/\/temposdeproducao.univasf.edu.br\/index.php?rest_route=%2Fwp%2Fv2%2Fmedia&parent=593"}],"wp:term":[{"taxonomy":"category","embeddable":true,"href":"https:\/\/temposdeproducao.univasf.edu.br\/index.php?rest_route=%2Fwp%2Fv2%2Fcategories&post=593"},{"taxonomy":"post_tag","embeddable":true,"href":"https:\/\/temposdeproducao.univasf.edu.br\/index.php?rest_route=%2Fwp%2Fv2%2Ftags&post=593"}],"curies":[{"name":"wp","href":"https:\/\/api.w.org\/{rel}","templated":true}]}}