{"id":432,"date":"2018-05-07T12:40:17","date_gmt":"2018-05-07T15:40:17","guid":{"rendered":"http:\/\/www.temposdeproducao.univasf.edu.br\/?p=432"},"modified":"2018-08-29T16:11:05","modified_gmt":"2018-08-29T19:11:05","slug":"a-engenharia-de-producao-na-pratica-um-debate-com-os-profissionais-das-macro-areas-marco-2018","status":"publish","type":"post","link":"https:\/\/temposdeproducao.univasf.edu.br\/?p=432","title":{"rendered":"\u201cA Engenharia de Produ\u00e7\u00e3o na pr\u00e1tica: Um debate com os profissionais das macro-\u00e1reas\u201d [MAR\u00c7O \u2013 2018]"},"content":{"rendered":"<div style=\"text-align: justify;\">\n<p><strong>Convidados<\/strong>: Helena Sales (InvestiRH); Brenna Soraia (Icofort Agroindustrial); Aurelio Henrique (Inspecione Engenharia); Danilo Santos (Monsanto Company); Rubens Fl\u00e1vio (Niagro Nichirei do Brasil Agr\u00edcola Ltda); Thiago Rodrigo (Empreendedor e Consultor Independente); Jos\u00e9 Ellys Andrade (Curtume Moderno Peles e Couros); Jos\u00e9 Humberto Felix de Souza (CREA\/BA; UNEB)<\/p>\n<p><strong>Data<\/strong>: 09 de mar\u00e7o de 2018 &#8211; 08h30<\/p>\n<p><strong>Local<\/strong>: Miniaudit\u00f3rio do Complexo Multieventos do Campus de Juazeiro\/BA da UNIVASF<\/p>\n<\/div>\n<p><!--more--><\/p>\n<div style=\"text-align: justify;\">\n<p>A primeira edi\u00e7\u00e3o de 2018 foi fruto da parceria entre o Tempos de Produ\u00e7\u00e3o e a Solucione Jr., aconteceu em forma de programa\u00e7\u00e3o dentro do VIII Simp\u00f3sio de Engenharia de Produ\u00e7\u00e3o no Vale do S\u00e3o Francisco\/IX Simp\u00f3sio de Engenharia de Produ\u00e7\u00e3o na Regi\u00e3o Nordeste. No encontro foi discutido a praticidade do engenheiro de produ\u00e7\u00e3o e seu campo de atua\u00e7\u00e3o frente \u00e0 experi\u00eancia de diversos profissionais presentes.<\/p>\n<p>Inicialmente, houve uma palestra com o engenheiro e professor de \u00e9tica Jos\u00e9 Humberto Felix de Souza, abarcando as atribui\u00e7\u00f5es do engenheiro de produ\u00e7\u00e3o e a fiscaliza\u00e7\u00e3o perante o CREA. A din\u00e2mica do encontro consistiu numa breve apresenta\u00e7\u00e3o dos convidados, os quais falaram sobre sua trajet\u00f3ria profissional e sua atua\u00e7\u00e3o no mercado de trabalho. Num segundo momento, foram feitas rodas de conversa, onde cada convidado integrou-se a uma. O intuito foi aproximar o profissional do participante de forma que a conversa se tornasse mais proveitosa e houvesse mais difus\u00e3o de conhecimento.<\/p>\n<p>Os convidados estiveram de todas as rodas de conversas atrav\u00e9s de uma intercala\u00e7\u00e3o, feita pelo tempo de dura\u00e7\u00e3o de cada uma. Assim, todos os participantes tiveram a possibilidade de interagir com os profissionais.<\/p>\n<p><img decoding=\"async\" loading=\"lazy\" class=\"alignnone size-full wp-image-423\" src=\"http:\/\/www.temposdeproducao.univasf.edu.br\/wp-content\/uploads\/2018\/05\/TPmar\u00e7o18-min-1.png\" alt=\"\" width=\"2000\" height=\"2000\" \/><\/p>\n<\/div>\n","protected":false},"excerpt":{"rendered":"<p>Convidados: Helena Sales (InvestiRH); Brenna Soraia (Icofort Agroindustrial); Aurelio Henrique (Inspecione Engenharia); Danilo Santos (Monsanto Company); Rubens Fl\u00e1vio (Niagro Nichirei do Brasil Agr\u00edcola Ltda); Thiago Rodrigo (Empreendedor e Consultor Independente); Jos\u00e9 Ellys Andrade (Curtume Moderno Peles e Couros); Jos\u00e9 Humberto Felix de Souza (CREA\/BA; UNEB) Data: 09 de mar\u00e7o de 2018 &#8211; 08h30 Local: Miniaudit\u00f3rio do Complexo Multieventos do Campus<\/p>\n","protected":false},"author":2,"featured_media":0,"comment_status":"closed","ping_status":"closed","sticky":false,"template":"","format":"standard","meta":{"footnotes":""},"categories":[27,1],"tags":[],"_links":{"self":[{"href":"https:\/\/temposdeproducao.univasf.edu.br\/index.php?rest_route=\/wp\/v2\/posts\/432"}],"collection":[{"href":"https:\/\/temposdeproducao.univasf.edu.br\/index.php?rest_route=\/wp\/v2\/posts"}],"about":[{"href":"https:\/\/temposdeproducao.univasf.edu.br\/index.php?rest_route=\/wp\/v2\/types\/post"}],"author":[{"embeddable":true,"href":"https:\/\/temposdeproducao.univasf.edu.br\/index.php?rest_route=\/wp\/v2\/users\/2"}],"replies":[{"embeddable":true,"href":"https:\/\/temposdeproducao.univasf.edu.br\/index.php?rest_route=%2Fwp%2Fv2%2Fcomments&post=432"}],"version-history":[{"count":14,"href":"https:\/\/temposdeproducao.univasf.edu.br\/index.php?rest_route=\/wp\/v2\/posts\/432\/revisions"}],"predecessor-version":[{"id":519,"href":"https:\/\/temposdeproducao.univasf.edu.br\/index.php?rest_route=\/wp\/v2\/posts\/432\/revisions\/519"}],"wp:attachment":[{"href":"https:\/\/temposdeproducao.univasf.edu.br\/index.php?rest_route=%2Fwp%2Fv2%2Fmedia&parent=432"}],"wp:term":[{"taxonomy":"category","embeddable":true,"href":"https:\/\/temposdeproducao.univasf.edu.br\/index.php?rest_route=%2Fwp%2Fv2%2Fcategories&post=432"},{"taxonomy":"post_tag","embeddable":true,"href":"https:\/\/temposdeproducao.univasf.edu.br\/index.php?rest_route=%2Fwp%2Fv2%2Ftags&post=432"}],"curies":[{"name":"wp","href":"https:\/\/api.w.org\/{rel}","templated":true}]}}